{"id":1941,"date":"2024-07-26T10:43:24","date_gmt":"2024-07-26T08:43:24","guid":{"rendered":"https:\/\/www.hluxor.it\/barbaraveggiechef\/?p=1941"},"modified":"2024-08-12T08:32:26","modified_gmt":"2024-08-12T06:32:26","slug":"eventi-vegani-2024","status":"publish","type":"post","link":"https:\/\/www.hluxor.it\/barbaraveggiechef\/2024\/07\/26\/eventi-vegani-2024\/","title":{"rendered":"GiroVEGando per l&#8217;Europa per Eventi Vegani"},"content":{"rendered":"<h2>Zaino in spalla per raccontare Hotel Luxor VEG in giro per l&#8217;Europa<\/h2>\n<p>Chi ci conosce e conosce gi\u00e0 Hotel Luxor Veg di Bellaria Igea Marina, sa che negli anni \u00e8 diventato un punto di riferimento per gli amanti della cultura vegana, sia italiani che stranieri, con ospiti che ci raggiungono da tutto il mondo.<\/p>\n<p>Oltre al desiderio di accoglienza e di ospitalit\u00e0 d&#8217;eccellenza in Hotel, ci impegniamo assiduamente anche nella promozione di <strong>uno stile di vita sostenibile e cruelty-free al di fuori dall&#8217;hotel.<\/strong><\/p>\n<p>Nei prossimi mesi, infatti, parteciperemo a due <strong>eventi vegani<\/strong> di grande rilevanza, e non vediamo l&#8217;ora di condividere con voi i dettagli:<\/p>\n<h3>21-22 settembre: MacroLibrarsi Fest<\/h3>\n<p>Il primo appuntamento imperdibile sar\u00e0 il MACROLIBRARSI Fest, il primo festival italiano del cambiamento sostenibile, del benessere personale e del biologico. Si terr\u00e0 il <strong>21 e 22 settembre alla Fiera di Cesena.<\/strong><\/p>\n<p>L&#8217;evento \u00e8 un&#8217;immersione nel mondo a cui sentiamo di appartenere, ecco perch\u00e9 quest&#8217;anno abbiamo scelto di essere partner dell&#8217;evento!<\/p>\n<p>Sbircia qui cosa sar\u00e0 il Macrolibrarsi Fest 2024\ud83d\udc47<\/p>\n<p><iframe loading=\"lazy\" src=\"\/\/www.youtube.com\/embed\/PgGV7nuWPPA?si=jpTM1NjZpZ7xnniY\" width=\"560\" height=\"314\" allowfullscreen=\"allowfullscreen\"><\/iframe><\/p>\n<p>Non vogliamo svelarti troppo, ma <strong>vorremmo invitarti a venire di persona<\/strong> per passare una giornata ricca di stimoli, emozioni, incontri&#8230;<br \/>\n<strong>Segna sul calendario la data: ti aspettiamo alla Fiera di Cesena il 21 e il 22 settembre!<\/strong><\/p>\n<h3>16-17 novembre: Fiera Vegana a Vienna<\/h3>\n<p><img loading=\"lazy\" decoding=\"async\" class=\"wp-image-1943 size-large alignnone\" src=\"https:\/\/www.hluxor.it\/barbaraveggiechef\/wp-content\/uploads\/2024\/07\/vegan_planet_2022_web2-1024x459.png\" alt=\"Evento Vegano Vienna\" width=\"650\" height=\"291\" srcset=\"https:\/\/www.hluxor.it\/barbaraveggiechef\/wp-content\/uploads\/2024\/07\/vegan_planet_2022_web2-1024x459.png 1024w, https:\/\/www.hluxor.it\/barbaraveggiechef\/wp-content\/uploads\/2024\/07\/vegan_planet_2022_web2-300x135.png 300w, https:\/\/www.hluxor.it\/barbaraveggiechef\/wp-content\/uploads\/2024\/07\/vegan_planet_2022_web2-768x345.png 768w, https:\/\/www.hluxor.it\/barbaraveggiechef\/wp-content\/uploads\/2024\/07\/vegan_planet_2022_web2-150x67.png 150w, https:\/\/www.hluxor.it\/barbaraveggiechef\/wp-content\/uploads\/2024\/07\/vegan_planet_2022_web2.png 1400w\" sizes=\"auto, (max-width: 650px) 100vw, 650px\" \/><\/p>\n<p>Questo evento, uno dei pi\u00f9 grandi nel suo genere in Europa, vedr\u00e0 la partecipazione di numerose aziende innovative e realt\u00e0 VEG di tutto il mondo. Per noi e per Hotel Luxor,<strong> sar\u00e0 un&#8217;esperienza straordinaria per incontrare altri professionisti e creare nuove collaborazioni che potranno arricchire ulteriormente l&#8217;offerta e i servizi dell&#8217;hotel.<\/strong><br \/>\nSe sarai nei paraggi, o se conosci amici che vivono in zona, vi aspettiamo <strong>il 16 e il 17 Novembre al MAK Wien.<\/strong><\/p>\n<p>L&#8217;<a href=\"https:\/\/www.hluxor.it\/\" target=\"_blank\" rel=\"noopener\"><strong>Hotel Luxor VEG di Bellaria Igea Marina<\/strong><\/a> non \u00e8 solo un luogo dove soggiornare, ma un&#8217;esperienza completa per chi desidera abbracciare (o per chi ha gi\u00e0 abbracciato) uno stile di vita vegano.<br \/>\nPartecipando a questi importanti eventi, scegliamo di rafforzare il suo ruolo di <em>ambasciatore della cultura vegana<\/em>, promuovendo un futuro pi\u00f9 sostenibile e compassionevole.<\/p>\n<p>Se siete curiosi di conoscere di pi\u00f9 su questi eventi e sulle iniziative veg dell&#8217;Hotel Luxor, seguite il nostro blog e le nostre pagine social per aggiornamenti e reportage esclusivi!<\/p>\n<p><a href=\"https:\/\/www.facebook.com\/HotelLuxorveg\" target=\"_blank\" rel=\"noopener\"><strong>Facebook &gt;<\/strong><\/a><br \/>\n<a href=\"https:\/\/www.instagram.com\/hotelluxorveg\/\" target=\"_blank\" rel=\"noopener\"><strong>Instagram &gt;<\/strong><\/a><\/p>\n","protected":false},"excerpt":{"rendered":"<p>Zaino in spalla per raccontare Hotel Luxor VEG in giro per l&#8217;Europa Chi ci conosce e conosce gi\u00e0 Hotel Luxor Veg di Bellaria Igea Marina, sa che negli [&hellip;]<\/p>\n","protected":false},"author":2,"featured_media":0,"comment_status":"open","ping_status":"open","sticky":false,"template":"","format":"standard","meta":{"footnotes":""},"categories":[11,119,120],"tags":[],"class_list":["post-1941","post","type-post","status-publish","format-standard","hentry","category-esperienze-veg","category-eventi","category-veganblog"],"yoast_head":"<!-- This site is optimized with the Yoast SEO plugin v26.6 - https:\/\/yoast.com\/wordpress\/plugins\/seo\/ -->\n<title>Fiere ed Eventi Vegani 2024 | Hotel Luxor in Fiera a Vienna<\/title>\n<meta name=\"description\" content=\"Hotel Luxor Veg e le date per i prossimi eventi vegani a cui parteciper\u00e0 con stand : MacroLibrarsi a Cesena e VeganPlanet a Vienna!\" \/>\n<meta name=\"robots\" content=\"index, follow, max-snippet:-1, max-image-preview:large, max-video-preview:-1\" \/>\n<link rel=\"canonical\" href=\"https:\/\/www.hluxor.it\/barbaraveggiechef\/2024\/07\/26\/eventi-vegani-2024\/\" \/>\n<meta property=\"og:locale\" content=\"it_IT\" \/>\n<meta property=\"og:type\" content=\"article\" \/>\n<meta property=\"og:title\" content=\"Fiere ed Eventi Vegani 2024 | Hotel Luxor in Fiera a Vienna\" \/>\n<meta property=\"og:description\" content=\"Hotel Luxor Veg e le date per i prossimi eventi vegani a cui parteciper\u00e0 con stand : MacroLibrarsi a Cesena e VeganPlanet a Vienna!\" \/>\n<meta property=\"og:url\" content=\"https:\/\/www.hluxor.it\/barbaraveggiechef\/2024\/07\/26\/eventi-vegani-2024\/\" \/>\n<meta property=\"og:site_name\" content=\"Hotel Luxor - Il Blog\" \/>\n<meta property=\"article:published_time\" content=\"2024-07-26T08:43:24+00:00\" \/>\n<meta property=\"article:modified_time\" content=\"2024-08-12T06:32:26+00:00\" \/>\n<meta property=\"og:image\" content=\"https:\/\/www.hluxor.it\/barbaraveggiechef\/wp-content\/uploads\/2024\/07\/vegan_planet_2022_web2-1024x459.png\" \/>\n<meta name=\"author\" content=\"editaweb\" \/>\n<meta name=\"twitter:card\" content=\"summary_large_image\" \/>\n<meta name=\"twitter:label1\" content=\"Scritto da\" \/>\n\t<meta name=\"twitter:data1\" content=\"editaweb\" \/>\n\t<meta name=\"twitter:label2\" content=\"Tempo di lettura stimato\" \/>\n\t<meta name=\"twitter:data2\" content=\"3 minuti\" \/>\n<script type=\"application\/ld+json\" class=\"yoast-schema-graph\">{\"@context\":\"https:\/\/schema.org\",\"@graph\":[{\"@type\":\"WebPage\",\"@id\":\"https:\/\/www.hluxor.it\/barbaraveggiechef\/2024\/07\/26\/eventi-vegani-2024\/\",\"url\":\"https:\/\/www.hluxor.it\/barbaraveggiechef\/2024\/07\/26\/eventi-vegani-2024\/\",\"name\":\"Fiere ed Eventi Vegani 2024 | Hotel Luxor in Fiera a Vienna\",\"isPartOf\":{\"@id\":\"https:\/\/www.hluxor.it\/barbaraveggiechef\/#website\"},\"primaryImageOfPage\":{\"@id\":\"https:\/\/www.hluxor.it\/barbaraveggiechef\/2024\/07\/26\/eventi-vegani-2024\/#primaryimage\"},\"image\":{\"@id\":\"https:\/\/www.hluxor.it\/barbaraveggiechef\/2024\/07\/26\/eventi-vegani-2024\/#primaryimage\"},\"thumbnailUrl\":\"https:\/\/www.hluxor.it\/barbaraveggiechef\/wp-content\/uploads\/2024\/07\/vegan_planet_2022_web2-1024x459.png\",\"datePublished\":\"2024-07-26T08:43:24+00:00\",\"dateModified\":\"2024-08-12T06:32:26+00:00\",\"author\":{\"@id\":\"https:\/\/www.hluxor.it\/barbaraveggiechef\/#\/schema\/person\/3adcce70d3367aed0f4a6ca9dc234c9d\"},\"description\":\"Hotel Luxor Veg e le date per i prossimi eventi vegani a cui parteciper\u00e0 con stand : MacroLibrarsi a Cesena e VeganPlanet a Vienna!\",\"breadcrumb\":{\"@id\":\"https:\/\/www.hluxor.it\/barbaraveggiechef\/2024\/07\/26\/eventi-vegani-2024\/#breadcrumb\"},\"inLanguage\":\"it-IT\",\"potentialAction\":[{\"@type\":\"ReadAction\",\"target\":[\"https:\/\/www.hluxor.it\/barbaraveggiechef\/2024\/07\/26\/eventi-vegani-2024\/\"]}]},{\"@type\":\"ImageObject\",\"inLanguage\":\"it-IT\",\"@id\":\"https:\/\/www.hluxor.it\/barbaraveggiechef\/2024\/07\/26\/eventi-vegani-2024\/#primaryimage\",\"url\":\"https:\/\/www.hluxor.it\/barbaraveggiechef\/wp-content\/uploads\/2024\/07\/vegan_planet_2022_web2.png\",\"contentUrl\":\"https:\/\/www.hluxor.it\/barbaraveggiechef\/wp-content\/uploads\/2024\/07\/vegan_planet_2022_web2.png\",\"width\":1400,\"height\":628},{\"@type\":\"BreadcrumbList\",\"@id\":\"https:\/\/www.hluxor.it\/barbaraveggiechef\/2024\/07\/26\/eventi-vegani-2024\/#breadcrumb\",\"itemListElement\":[{\"@type\":\"ListItem\",\"position\":1,\"name\":\"Home\",\"item\":\"https:\/\/www.hluxor.it\/barbaraveggiechef\/\"},{\"@type\":\"ListItem\",\"position\":2,\"name\":\"GiroVEGando per l&#8217;Europa per Eventi Vegani\"}]},{\"@type\":\"WebSite\",\"@id\":\"https:\/\/www.hluxor.it\/barbaraveggiechef\/#website\",\"url\":\"https:\/\/www.hluxor.it\/barbaraveggiechef\/\",\"name\":\"Hotel Luxor - Il Blog\",\"description\":\"Barbara Veggie Chef\",\"potentialAction\":[{\"@type\":\"SearchAction\",\"target\":{\"@type\":\"EntryPoint\",\"urlTemplate\":\"https:\/\/www.hluxor.it\/barbaraveggiechef\/?s={search_term_string}\"},\"query-input\":{\"@type\":\"PropertyValueSpecification\",\"valueRequired\":true,\"valueName\":\"search_term_string\"}}],\"inLanguage\":\"it-IT\"},{\"@type\":\"Person\",\"@id\":\"https:\/\/www.hluxor.it\/barbaraveggiechef\/#\/schema\/person\/3adcce70d3367aed0f4a6ca9dc234c9d\",\"name\":\"editaweb\",\"url\":\"https:\/\/www.hluxor.it\/barbaraveggiechef\/author\/editaweb\/\"}]}<\/script>\n<!-- \/ Yoast SEO plugin. -->","yoast_head_json":{"title":"Fiere ed Eventi Vegani 2024 | Hotel Luxor in Fiera a Vienna","description":"Hotel Luxor Veg e le date per i prossimi eventi vegani a cui parteciper\u00e0 con stand : MacroLibrarsi a Cesena e VeganPlanet a Vienna!","robots":{"index":"index","follow":"follow","max-snippet":"max-snippet:-1","max-image-preview":"max-image-preview:large","max-video-preview":"max-video-preview:-1"},"canonical":"https:\/\/www.hluxor.it\/barbaraveggiechef\/2024\/07\/26\/eventi-vegani-2024\/","og_locale":"it_IT","og_type":"article","og_title":"Fiere ed Eventi Vegani 2024 | Hotel Luxor in Fiera a Vienna","og_description":"Hotel Luxor Veg e le date per i prossimi eventi vegani a cui parteciper\u00e0 con stand : MacroLibrarsi a Cesena e VeganPlanet a Vienna!","og_url":"https:\/\/www.hluxor.it\/barbaraveggiechef\/2024\/07\/26\/eventi-vegani-2024\/","og_site_name":"Hotel Luxor - Il Blog","article_published_time":"2024-07-26T08:43:24+00:00","article_modified_time":"2024-08-12T06:32:26+00:00","og_image":[{"url":"https:\/\/www.hluxor.it\/barbaraveggiechef\/wp-content\/uploads\/2024\/07\/vegan_planet_2022_web2-1024x459.png","type":"","width":"","height":""}],"author":"editaweb","twitter_card":"summary_large_image","twitter_misc":{"Scritto da":"editaweb","Tempo di lettura stimato":"3 minuti"},"schema":{"@context":"https:\/\/schema.org","@graph":[{"@type":"WebPage","@id":"https:\/\/www.hluxor.it\/barbaraveggiechef\/2024\/07\/26\/eventi-vegani-2024\/","url":"https:\/\/www.hluxor.it\/barbaraveggiechef\/2024\/07\/26\/eventi-vegani-2024\/","name":"Fiere ed Eventi Vegani 2024 | Hotel Luxor in Fiera a Vienna","isPartOf":{"@id":"https:\/\/www.hluxor.it\/barbaraveggiechef\/#website"},"primaryImageOfPage":{"@id":"https:\/\/www.hluxor.it\/barbaraveggiechef\/2024\/07\/26\/eventi-vegani-2024\/#primaryimage"},"image":{"@id":"https:\/\/www.hluxor.it\/barbaraveggiechef\/2024\/07\/26\/eventi-vegani-2024\/#primaryimage"},"thumbnailUrl":"https:\/\/www.hluxor.it\/barbaraveggiechef\/wp-content\/uploads\/2024\/07\/vegan_planet_2022_web2-1024x459.png","datePublished":"2024-07-26T08:43:24+00:00","dateModified":"2024-08-12T06:32:26+00:00","author":{"@id":"https:\/\/www.hluxor.it\/barbaraveggiechef\/#\/schema\/person\/3adcce70d3367aed0f4a6ca9dc234c9d"},"description":"Hotel Luxor Veg e le date per i prossimi eventi vegani a cui parteciper\u00e0 con stand : MacroLibrarsi a Cesena e VeganPlanet a Vienna!","breadcrumb":{"@id":"https:\/\/www.hluxor.it\/barbaraveggiechef\/2024\/07\/26\/eventi-vegani-2024\/#breadcrumb"},"inLanguage":"it-IT","potentialAction":[{"@type":"ReadAction","target":["https:\/\/www.hluxor.it\/barbaraveggiechef\/2024\/07\/26\/eventi-vegani-2024\/"]}]},{"@type":"ImageObject","inLanguage":"it-IT","@id":"https:\/\/www.hluxor.it\/barbaraveggiechef\/2024\/07\/26\/eventi-vegani-2024\/#primaryimage","url":"https:\/\/www.hluxor.it\/barbaraveggiechef\/wp-content\/uploads\/2024\/07\/vegan_planet_2022_web2.png","contentUrl":"https:\/\/www.hluxor.it\/barbaraveggiechef\/wp-content\/uploads\/2024\/07\/vegan_planet_2022_web2.png","width":1400,"height":628},{"@type":"BreadcrumbList","@id":"https:\/\/www.hluxor.it\/barbaraveggiechef\/2024\/07\/26\/eventi-vegani-2024\/#breadcrumb","itemListElement":[{"@type":"ListItem","position":1,"name":"Home","item":"https:\/\/www.hluxor.it\/barbaraveggiechef\/"},{"@type":"ListItem","position":2,"name":"GiroVEGando per l&#8217;Europa per Eventi Vegani"}]},{"@type":"WebSite","@id":"https:\/\/www.hluxor.it\/barbaraveggiechef\/#website","url":"https:\/\/www.hluxor.it\/barbaraveggiechef\/","name":"Hotel Luxor - Il Blog","description":"Barbara Veggie Chef","potentialAction":[{"@type":"SearchAction","target":{"@type":"EntryPoint","urlTemplate":"https:\/\/www.hluxor.it\/barbaraveggiechef\/?s={search_term_string}"},"query-input":{"@type":"PropertyValueSpecification","valueRequired":true,"valueName":"search_term_string"}}],"inLanguage":"it-IT"},{"@type":"Person","@id":"https:\/\/www.hluxor.it\/barbaraveggiechef\/#\/schema\/person\/3adcce70d3367aed0f4a6ca9dc234c9d","name":"editaweb","url":"https:\/\/www.hluxor.it\/barbaraveggiechef\/author\/editaweb\/"}]}},"_links":{"self":[{"href":"https:\/\/www.hluxor.it\/barbaraveggiechef\/wp-json\/wp\/v2\/posts\/1941","targetHints":{"allow":["GET"]}}],"collection":[{"href":"https:\/\/www.hluxor.it\/barbaraveggiechef\/wp-json\/wp\/v2\/posts"}],"about":[{"href":"https:\/\/www.hluxor.it\/barbaraveggiechef\/wp-json\/wp\/v2\/types\/post"}],"author":[{"embeddable":true,"href":"https:\/\/www.hluxor.it\/barbaraveggiechef\/wp-json\/wp\/v2\/users\/2"}],"replies":[{"embeddable":true,"href":"https:\/\/www.hluxor.it\/barbaraveggiechef\/wp-json\/wp\/v2\/comments?post=1941"}],"version-history":[{"count":22,"href":"https:\/\/www.hluxor.it\/barbaraveggiechef\/wp-json\/wp\/v2\/posts\/1941\/revisions"}],"predecessor-version":[{"id":1966,"href":"https:\/\/www.hluxor.it\/barbaraveggiechef\/wp-json\/wp\/v2\/posts\/1941\/revisions\/1966"}],"wp:attachment":[{"href":"https:\/\/www.hluxor.it\/barbaraveggiechef\/wp-json\/wp\/v2\/media?parent=1941"}],"wp:term":[{"taxonomy":"category","embeddable":true,"href":"https:\/\/www.hluxor.it\/barbaraveggiechef\/wp-json\/wp\/v2\/categories?post=1941"},{"taxonomy":"post_tag","embeddable":true,"href":"https:\/\/www.hluxor.it\/barbaraveggiechef\/wp-json\/wp\/v2\/tags?post=1941"}],"curies":[{"name":"wp","href":"https:\/\/api.w.org\/{rel}","templated":true}]}}